{"id":2488,"date":"2025-08-05T13:32:05","date_gmt":"2025-08-05T13:32:05","guid":{"rendered":"https:\/\/humedalessinfronteras.org\/?p=2488"},"modified":"2025-11-17T16:01:58","modified_gmt":"2025-11-17T16:01:58","slug":"corredores-bioculturales","status":"publish","type":"post","link":"https:\/\/humedalessinfronteras.org\/es\/corredores-bioculturales\/","title":{"rendered":"Corredores bioculturales"},"content":{"rendered":"<p>[et_pb_section fb_built=\u00bb1&#8243; _builder_version=\u00bb4.27.2&#8243; _module_preset=\u00bbdefault\u00bb background_color=\u00bbRGBA(0,0,0,0)\u00bb max_width=\u00bb750px\u00bb custom_margin=\u00bb|auto||auto|false|false\u00bb custom_padding=\u00bb0px||||false|false\u00bb global_colors_info=\u00bb{}\u00bb][et_pb_row _builder_version=\u00bb4.27.2&#8243; _module_preset=\u00bbdefault\u00bb global_colors_info=\u00bb{}\u00bb][et_pb_column type=\u00bb4_4&#8243; _builder_version=\u00bb4.27.2&#8243; _module_preset=\u00bbdefault\u00bb global_colors_info=\u00bb{}\u00bb][et_pb_text _builder_version=\u00bb4.27.2&#8243; _module_preset=\u00bbdefault\u00bb text_font_size=\u00bb22px\u00bb text_line_height=\u00bb34px\u00bb global_colors_info=\u00bb{}\u00bb]<\/p>\n<p class=\"western\">La cuenca del R\u00edo de la Plata estuvo alguna vez compuesta por ecosistemas interconectados \u2014selvas, sabanas, pastizales y humedales\u2014 unidos por el agua. Hoy en d\u00eda, los h\u00e1bitats naturales y culturales intactos de la regi\u00f3n se encuentran principalmente en \u00e1reas protegidas fragmentadas y territorios ind\u00edgenas. Para revertir esta tendencia, la red Humedales sin Fronteras est\u00e1 creando Corredores Bioculturales que reconectan y fortalecen la resiliencia de h\u00e1bitats naturales y comunidades similares que comparten pr\u00e1cticas socioculturales comunes. Se est\u00e1n desarrollando m\u00e1s de diez Corredores Bioculturales, dos de los cuales ya han sido reconocidos oficialmente por los municipios locales.<\/p>\n<p>[\/et_pb_text][et_pb_divider _builder_version=\u00bb4.27.2&#8243; _module_preset=\u00bbdefault\u00bb global_colors_info=\u00bb{}\u00bb][\/et_pb_divider][et_pb_text _builder_version=\u00bb4.27.2&#8243; _module_preset=\u00bbdefault\u00bb text_font_size=\u00bb24px\u00bb text_line_height=\u00bb34px\u00bb global_colors_info=\u00bb{}\u00bb]<\/p>\n<h4 class=\"western\">Lo que hemos logrado desde el inicio de nuestra iniciativa en 2018<\/h4>\n<p>[\/et_pb_text][\/et_pb_column][\/et_pb_row][et_pb_row column_structure=\u00bb1_2,1_2&#8243; _builder_version=\u00bb4.27.2&#8243; _module_preset=\u00bbdefault\u00bb global_colors_info=\u00bb{}\u00bb][et_pb_column type=\u00bb1_2&#8243; _builder_version=\u00bb4.27.2&#8243; _module_preset=\u00bbdefault\u00bb global_colors_info=\u00bb{}\u00bb][et_pb_blurb title=\u00bb10+\u00bb module_class=\u00bbnumber-blurb\u00bb _builder_version=\u00bb4.27.2&#8243; _module_preset=\u00bbdefault\u00bb global_colors_info=\u00bb{}\u00bb]<\/p>\n<p>Hemos identificado y comenzado a implementar m\u00e1s de 10 corredores bioculturales en toda la cuenca del R\u00edo de La Plata<\/p>\n<p>[\/et_pb_blurb][\/et_pb_column][et_pb_column type=\u00bb1_2&#8243; _builder_version=\u00bb4.27.2&#8243; _module_preset=\u00bbdefault\u00bb global_colors_info=\u00bb{}\u00bb][et_pb_blurb title=\u00bb2&#8243; module_class=\u00bbnumber-blurb\u00bb _builder_version=\u00bb4.27.2&#8243; _module_preset=\u00bbdefault\u00bb global_colors_info=\u00bb{}\u00bb]<\/p>\n<p>Se han integrado dos corredores bioculturales en los documentos oficiales de ordenamiento territorial<\/p>\n<p>[\/et_pb_blurb][\/et_pb_column][\/et_pb_row][et_pb_row _builder_version=\u00bb4.27.2&#8243; _module_preset=\u00bbdefault\u00bb global_colors_info=\u00bb{}\u00bb][et_pb_column type=\u00bb4_4&#8243; _builder_version=\u00bb4.27.2&#8243; _module_preset=\u00bbdefault\u00bb global_colors_info=\u00bb{}\u00bb][et_pb_divider _builder_version=\u00bb4.27.2&#8243; _module_preset=\u00bbdefault\u00bb global_colors_info=\u00bb{}\u00bb][\/et_pb_divider][et_pb_text _builder_version=\u00bb4.27.2&#8243; _module_preset=\u00bbdefault\u00bb global_colors_info=\u00bb{}\u00bb]<\/p>\n<h3>Ecosistemas fragmentados<\/h3>\n<p>La expansi\u00f3n de la agricultura y la producci\u00f3n c\u00e1rnica a gran escala en la cuenca del R\u00edo de la Plata ha convertido muchos de sus ecosistemas en islas aisladas. La fragmentaci\u00f3n de los ecosistemas de la regi\u00f3n ha hecho que muchas zonas sean biol\u00f3gicamente inviables y no puedan cumplir sus funciones culturales tradicionales. Muchos cursos de agua, fuentes y arroyos se han deteriorado hasta tal punto que ya no pueden sustentar los asentamientos humanos.<\/p>\n<p>[\/et_pb_text][et_pb_blurb image=\u00bbhttps:\/\/humedalessinfronteras.org\/wp-content\/uploads\/2021\/08\/Quotationmark-2024.svg\u00bb icon_placement=\u00bbleft\u00bb module_class=\u00bbquote-blurb\u00bb _builder_version=\u00bb4.27.2&#8243; _module_preset=\u00bbdefault\u00bb custom_margin=\u00bb50px|||||\u00bb hover_enabled=\u00bb0&#8243; locked=\u00bboff\u00bb global_colors_info=\u00bb{}\u00bb title_text=\u00bbQuotationmark-2024&#8243; sticky_enabled=\u00bb0&#8243;]<\/p>\n<p>Proteger la salud y el libre flujo de los r\u00edos de la regi\u00f3n es fundamental para la sobrevivencia del ecosistema de la Cuenca del R\u00edo de la Plata y de las personas que dependen de \u00e9l.<\/p>\n<p>[\/et_pb_blurb][\/et_pb_column][\/et_pb_row][et_pb_row column_structure=\u00bb1_2,1_2&#8243; module_class=\u00bbimages-row\u00bb _builder_version=\u00bb4.27.2&#8243; _module_preset=\u00bbdefault\u00bb custom_margin=\u00bb||||false|false\u00bb custom_padding=\u00bb0px||||false|false\u00bb global_colors_info=\u00bb{}\u00bb][et_pb_column type=\u00bb1_2&#8243; _builder_version=\u00bb4.16&#8243; _module_preset=\u00bbdefault\u00bb global_colors_info=\u00bb{}\u00bb][et_pb_image src=\u00bbhttps:\/\/humedalessinfronteras.org\/wp-content\/uploads\/2021\/08\/BCC1-2.png\u00bb title_text=\u00bbBCC1 (2)\u00bb _builder_version=\u00bb4.27.2&#8243; _module_preset=\u00bbdefault\u00bb global_colors_info=\u00bb{}\u00bb][\/et_pb_image][et_pb_text _builder_version=\u00bb4.27.2&#8243; _module_preset=\u00bbdefault\u00bb locked=\u00bboff\u00bb global_colors_info=\u00bb{}\u00bb]<\/p>\n<div id=\"meta-origin\" data-coolorigin=\"https%3A%2F%2Fcollabora.bothends.org%2Fcool%2Fclipboard%3FWOPISrc%3Dhttps%253A%252F%252Fnextcloud.bothends.org%252Findex.php%252Fapps%252Frichdocuments%252Fwopi%252Ffiles%252F204006007_ococub2c6go1%26ServerId%3D1fe17134%26ViewId%3D4%26Tag%3D5d25a7c1ea94613e\">\n<p class=\"western\" align=\"left\">Las comunidades de la cuenca del R\u00edo de la Plata han comenzado a reconocer, valorar y celebrar el corredor biocultural del que forman parte.<\/p>\n<\/div>\n<p>[\/et_pb_text][\/et_pb_column][et_pb_column type=\u00bb1_2&#8243; _builder_version=\u00bb4.16&#8243; _module_preset=\u00bbdefault\u00bb global_colors_info=\u00bb{}\u00bb][et_pb_image src=\u00bbhttps:\/\/humedalessinfronteras.org\/wp-content\/uploads\/2021\/08\/BCC2-2.png\u00bb title_text=\u00bbBCC2 (2)\u00bb _builder_version=\u00bb4.27.2&#8243; _module_preset=\u00bbdefault\u00bb global_colors_info=\u00bb{}\u00bb][\/et_pb_image][et_pb_text _builder_version=\u00bb4.27.2&#8243; _module_preset=\u00bbdefault\u00bb locked=\u00bboff\u00bb global_colors_info=\u00bb{}\u00bb]<\/p>\n<div id=\"meta-origin\" data-coolorigin=\"https%3A%2F%2Fcollabora.bothends.org%2Fcool%2Fclipboard%3FWOPISrc%3Dhttps%253A%252F%252Fnextcloud.bothends.org%252Findex.php%252Fapps%252Frichdocuments%252Fwopi%252Ffiles%252F204006007_ococub2c6go1%26ServerId%3D1fe17134%26ViewId%3D4%26Tag%3D5d25a7c1ea94613e\">\n<div id=\"meta-origin\" data-coolorigin=\"https%3A%2F%2Fcollabora.bothends.org%2Fcool%2Fclipboard%3FWOPISrc%3Dhttps%253A%252F%252Fnextcloud.bothends.org%252Findex.php%252Fapps%252Frichdocuments%252Fwopi%252Ffiles%252F204006007_ococub2c6go1%26ServerId%3D1fe17134%26ViewId%3D4%26Tag%3D5d25a7c1ea94613e\">\n<p class=\"western\" align=\"left\">Hacer que las reservas naturales sean accesibles al p\u00fablico forma parte de la creaci\u00f3n y la sensibilizaci\u00f3n sobre los corredores bioculturales.<\/p>\n<\/div>\n<\/div>\n<p>[\/et_pb_text][\/et_pb_column][\/et_pb_row][et_pb_row _builder_version=\u00bb4.27.2&#8243; _module_preset=\u00bbdefault\u00bb global_colors_info=\u00bb{}\u00bb][et_pb_column type=\u00bb4_4&#8243; _builder_version=\u00bb4.27.2&#8243; _module_preset=\u00bbdefault\u00bb global_colors_info=\u00bb{}\u00bb][et_pb_text _builder_version=\u00bb4.27.2&#8243; _module_preset=\u00bbdefault\u00bb global_colors_info=\u00bb{}\u00bb]<\/p>\n<h3>Restaurar las conexiones entre los ecosistemas<\/h3>\n<p>El concepto de Corredores Bioculturales se centra en la interconexi\u00f3n entre los ecosistemas y la restauraci\u00f3n de sus funciones biol\u00f3gicas y culturales originales como v\u00edas de intercambio biol\u00f3gico y cultural. A trav\u00e9s de festivales, campa\u00f1as y actividades educativas, estamos creando conciencia y celebrando la relaci\u00f3n hist\u00f3rica y cultural de las comunidades de la cuenca del R\u00edo de la Plata con el ecosistema de humedales. Estamos uniendo a las comunidades a lo largo de los Corredores Bioculturales para fomentar sus pr\u00e1cticas culturales \u00fanicas y trabajar juntos para mejorar la calidad del agua de la cuenca y su capacidad para medios de vida sostenibles y entornos saludables.<\/p>\n<p>Al igual que la <a href=\"https:\/\/humedalessinfronteras.org\/es\/promocion-de-la-agroecologia\/\">agroecolog\u00eda<\/a>, los Corredores Bioculturales mejoran la resiliencia de los ecosistemas y las comunidades locales de la Cuenca del R\u00edo de la Plata, haci\u00e9ndolos m\u00e1s resistentes a los impactos biol\u00f3gicos, clim\u00e1ticos, sociales y econ\u00f3micos. Humedales sin Fronteras aboga por el reconocimiento formal de los Corredores Bioculturales como medio para preservar y restaurar los ecosistemas y nutrir la cultura de las comunidades de la Cuenca del R\u00edo de la Plata.<\/p>\n<p>Gracias a nuestros esfuerzos, en Paraguay dos Corredores Bioculturales han sido reconocidos oficialmente por los municipios. En muchos otros lugares, los corredores toman forma combinando la sensibilizaci\u00f3n p\u00fablica, la b\u00fasqueda de protecci\u00f3n natural oficial y otras actividades, como en el Corredor Riachuelo-Matanza en Argentina. Seguiremos trabajando en estos y otros corredores bioculturales en los pr\u00f3ximos a\u00f1os, para que los ecosistemas \u00fanicos de la Cuenca del R\u00edo de la Plata vuelvan a ser fuertes y saludables.<\/p>\n<p>[\/et_pb_text][et_pb_video src=\u00bbhttps:\/\/youtu.be\/R7BYGjNHudo?si=BfkZRX65fJzrGoCL\u00bb src_tablet=\u00bbhttps:\/\/youtu.be\/W6OgxVt887Q?si=jlchI2phGSj7bcvo\u00bb src_phone=\u00bbhttps:\/\/youtu.be\/W6OgxVt887Q?si=jlchI2phGSj7bcvo\u00bb src_last_edited=\u00bbon|desktop\u00bb _builder_version=\u00bb4.27.2&#8243; _module_preset=\u00bbdefault\u00bb custom_margin=\u00bb20px||20px||false|false\u00bb global_colors_info=\u00bb{}\u00bb src__hover_enabled=\u00bbon|desktop\u00bb src__hover=\u00bbhttps:\/\/youtu.be\/W6OgxVt887Q?si=jlchI2phGSj7bcvo\u00bb][\/et_pb_video][et_pb_code module_class=\u00bbshare-button\u00bb _builder_version=\u00bb4.27.2&#8243; _module_preset=\u00bbdefault\u00bb global_colors_info=\u00bb{}\u00bb]<\/p>\n<div class=\"add-to-any\"><!-- [et_pb_line_break_holder] --> <!-- [et_pb_line_break_holder] --> <div class=\"addtoany_shortcode\"><div class=\"a2a_kit a2a_kit_size_ addtoany_list\" data-a2a-url=\"https:\/\/humedalessinfronteras.org\/es\/corredores-bioculturales\/\" data-a2a-title=\"Corredores bioculturales\"><a class=\"a2a_dd addtoany_share_save addtoany_share\" href=\"https:\/\/www.addtoany.com\/share\"><img decoding=\"async\" src=\"\/wp-content\/uploads\/2024\/11\/Share-2024.svg\" alt=\"Share\"><\/a><\/div><\/div><!-- [et_pb_line_break_holder] --> <!-- [et_pb_line_break_holder] --><!-- [et_pb_line_break_holder] -->Comparte este art\u00edculo<!-- [et_pb_line_break_holder] --> <!-- [et_pb_line_break_holder] --><\/div>\n<p><!-- [et_pb_line_break_holder] -->[\/et_pb_code][\/et_pb_column][\/et_pb_row][\/et_pb_section][et_pb_section fb_built=\u00bb1&#8243; module_class=\u00bbrelated-posts full-width\u00bb _builder_version=\u00bb4.27.2&#8243; _module_preset=\u00bbdefault\u00bb background_color=\u00bb#75BDD7&#8243; width=\u00bb100%\u00bb max_width=\u00bb100%\u00bb global_colors_info=\u00bb{}\u00bb][et_pb_row _builder_version=\u00bb4.16&#8243; _module_preset=\u00bbdefault\u00bb global_colors_info=\u00bb{}\u00bb][et_pb_column type=\u00bb4_4&#8243; _builder_version=\u00bb4.16&#8243; _module_preset=\u00bbdefault\u00bb global_colors_info=\u00bb{}\u00bb][et_pb_text _builder_version=\u00bb4.27.2&#8243; _module_preset=\u00bbdefault\u00bb global_colors_info=\u00bb{}\u00bb]<\/p>\n<h2>Historias relacionadas<\/h2>\n<p>[\/et_pb_text][et_pb_blog posts_number=\u00bb3&#8243; include_categories=\u00bb46&#8243; show_author=\u00bboff\u00bb show_date=\u00bboff\u00bb show_categories=\u00bboff\u00bb show_excerpt=\u00bboff\u00bb show_pagination=\u00bboff\u00bb _builder_version=\u00bb4.27.2&#8243; _module_preset=\u00bbdefault\u00bb header_level=\u00bbh3&#8243; global_colors_info=\u00bb{}\u00bb][\/et_pb_blog][\/et_pb_column][\/et_pb_row][\/et_pb_section]<\/p>\n","protected":false},"excerpt":{"rendered":"<p>La cuenca del R\u00edo de la Plata estuvo alguna vez compuesta por ecosistemas interconectados \u2014selvas, sabanas, pastizales y humedales\u2014 unidos por el agua. Hoy en d\u00eda, los h\u00e1bitats naturales y culturales intactos de la regi\u00f3n se encuentran principalmente en \u00e1reas protegidas fragmentadas y territorios ind\u00edgenas. Para revertir esta tendencia, la red Humedales sin Fronteras est\u00e1 [&hellip;]<\/p>\n","protected":false},"author":1,"featured_media":1246,"comment_status":"open","ping_status":"open","sticky":false,"template":"","format":"standard","meta":{"_et_pb_use_builder":"on","_et_pb_old_content":"<p>[et_pb_section fb_built=\"1\" _builder_version=\"4.27.2\" _module_preset=\"default\" background_color=\"RGBA(0,0,0,0)\" max_width=\"750px\" custom_margin=\"|auto||auto|false|false\" custom_padding=\"0px||||false|false\" global_colors_info=\"{}\"][et_pb_row _builder_version=\"4.27.2\" _module_preset=\"default\" global_colors_info=\"{}\"][et_pb_column type=\"4_4\" _builder_version=\"4.27.2\" _module_preset=\"default\" global_colors_info=\"{}\"][et_pb_text _builder_version=\"4.27.2\" _module_preset=\"default\" text_font_size=\"22px\" text_line_height=\"34px\" global_colors_info=\"{}\"]<\/p><p class=\"western\">The La Plata Basin was once comprised of interconnected ecosystems \u2013 jungles, savannahs, grasslands and wetlands \u2013 joined together via the water. Today, the region\u2019s intact natural and cultural habitats are mainly found in fragmented protected areas and indigenous territories. To reverse this trend, the Wetlands without Borders network is creating Biocultural Corridors that reconnect and strengthen the resilience of similar natural habitats and communities that share common socio-cultural practices. More than ten Biocultural Corridors are being developed, with two now officially recognised by local municipalities.<\/p><p>[\/et_pb_text][et_pb_divider _builder_version=\"4.27.2\" _module_preset=\"default\" global_colors_info=\"{}\"][\/et_pb_divider][et_pb_text _builder_version=\"4.27.2\" _module_preset=\"default\" text_font_size=\"24px\" text_line_height=\"34px\" global_colors_info=\"{}\"]<\/p><h4 class=\"western\">What we have achieved since the start<br \/>of our initiative in 2018<\/h4><p>[\/et_pb_text][\/et_pb_column][\/et_pb_row][et_pb_row column_structure=\"1_2,1_2\" _builder_version=\"4.27.2\" _module_preset=\"default\" global_colors_info=\"{}\"][et_pb_column type=\"1_2\" _builder_version=\"4.27.2\" _module_preset=\"default\" global_colors_info=\"{}\"][et_pb_blurb title=\"10\" module_class=\"number-blurb\" _builder_version=\"4.27.2\" _module_preset=\"default\" global_colors_info=\"{}\"]<\/p><p>We have identified and started implementing more than 10 Biocultural Corridors throughout the La Plata Basin<\/p><p>[\/et_pb_blurb][\/et_pb_column][et_pb_column type=\"1_2\" _builder_version=\"4.27.2\" _module_preset=\"default\" global_colors_info=\"{}\"][et_pb_blurb title=\"2\" module_class=\"number-blurb\" _builder_version=\"4.27.2\" _module_preset=\"default\" global_colors_info=\"{}\"]<\/p><p>2 biocultural corridors have been integrated in official spatial planning documents<\/p><p>[\/et_pb_blurb][\/et_pb_column][\/et_pb_row][et_pb_row _builder_version=\"4.27.2\" _module_preset=\"default\" global_colors_info=\"{}\"][et_pb_column type=\"4_4\" _builder_version=\"4.27.2\" _module_preset=\"default\" global_colors_info=\"{}\"][et_pb_divider _builder_version=\"4.27.2\" _module_preset=\"default\" global_colors_info=\"{}\"][\/et_pb_divider][et_pb_text _builder_version=\"4.27.2\" _module_preset=\"default\" global_colors_info=\"{}\"]<\/p><h3>Fragmented ecosystems<\/h3><p>The expansion of large-scale agricultural and meat production in the La Plata Basin has turned many of its ecosystems into isolated islands. The fragmentation of the region\u2019s ecosystems has rendered many areas biologically unviable and unable to fulfil their customary cultural functions. Many waterways, water sources and watercourses have deteriorated to the extent that they no longer can sustain human settlements.<\/p><p>[\/et_pb_text][et_pb_blurb image=\"https:\/\/humedalessinfronteras.org\/wp-content\/uploads\/\/Quotationmark-2024.svg\" icon_placement=\"left\" module_class=\"quote-blurb\" _builder_version=\"4.27.2\" _module_preset=\"default\" custom_margin=\"50px|||||\" locked=\"off\" global_colors_info=\"{}\"]<\/p><p>Protecting the health and free flow of the region\u2019s rivers is crucial for the survival of the La Plata Basin ecosystem and the people who depend on it.<\/p><p>[\/et_pb_blurb][\/et_pb_column][\/et_pb_row][et_pb_row column_structure=\"1_2,1_2\" module_class=\"images-row\" _builder_version=\"4.27.2\" _module_preset=\"default\" custom_margin=\"||||false|false\" custom_padding=\"0px||||false|false\" global_colors_info=\"{}\"][et_pb_column type=\"1_2\" _builder_version=\"4.16\" _module_preset=\"default\" global_colors_info=\"{}\"][et_pb_image src=\"https:\/\/humedalessinfronteras.org\/wp-content\/uploads\/2021\/08\/BCC1-2.png\" title_text=\"BCC1 (2)\" _builder_version=\"4.27.2\" _module_preset=\"default\" global_colors_info=\"{}\"][\/et_pb_image][et_pb_text _builder_version=\"4.27.2\" _module_preset=\"default\" locked=\"off\" global_colors_info=\"{}\"]<\/p><div id=\"meta-origin\" data-coolorigin=\"https%3A%2F%2Fcollabora.bothends.org%2Fcool%2Fclipboard%3FWOPISrc%3Dhttps%253A%252F%252Fnextcloud.bothends.org%252Findex.php%252Fapps%252Frichdocuments%252Fwopi%252Ffiles%252F204006007_ococub2c6go1%26ServerId%3D1fe17134%26ViewId%3D4%26Tag%3D5d25a7c1ea94613e\"><p class=\"western\" align=\"left\"><span lang=\"en-GB\">Communities across the La Plata Basin have started to recognise, value and celebrate the biocultural corridor they are part of<\/span><\/p><\/div><p>[\/et_pb_text][\/et_pb_column][et_pb_column type=\"1_2\" _builder_version=\"4.16\" _module_preset=\"default\" global_colors_info=\"{}\"][et_pb_image src=\"https:\/\/humedalessinfronteras.org\/wp-content\/uploads\/2021\/08\/BCC2-2.png\" title_text=\"BCC2 (2)\" _builder_version=\"4.27.2\" _module_preset=\"default\" global_colors_info=\"{}\"][\/et_pb_image][et_pb_text _builder_version=\"4.27.2\" _module_preset=\"default\" locked=\"off\" global_colors_info=\"{}\"]<\/p><div id=\"meta-origin\" data-coolorigin=\"https%3A%2F%2Fcollabora.bothends.org%2Fcool%2Fclipboard%3FWOPISrc%3Dhttps%253A%252F%252Fnextcloud.bothends.org%252Findex.php%252Fapps%252Frichdocuments%252Fwopi%252Ffiles%252F204006007_ococub2c6go1%26ServerId%3D1fe17134%26ViewId%3D4%26Tag%3D5d25a7c1ea94613e\"><div id=\"meta-origin\" data-coolorigin=\"https%3A%2F%2Fcollabora.bothends.org%2Fcool%2Fclipboard%3FWOPISrc%3Dhttps%253A%252F%252Fnextcloud.bothends.org%252Findex.php%252Fapps%252Frichdocuments%252Fwopi%252Ffiles%252F204006007_ococub2c6go1%26ServerId%3D1fe17134%26ViewId%3D4%26Tag%3D5d25a7c1ea94613e\"><p class=\"western\" align=\"left\"><span lang=\"en-GB\">Making nature reserves accessible to the public is part of the creation of and awareness raising about biocultural corridors<\/span><\/p><\/div><\/div><p>[\/et_pb_text][\/et_pb_column][\/et_pb_row][et_pb_row _builder_version=\"4.27.2\" _module_preset=\"default\" global_colors_info=\"{}\"][et_pb_column type=\"4_4\" _builder_version=\"4.27.2\" _module_preset=\"default\" global_colors_info=\"{}\"][et_pb_text _builder_version=\"4.27.2\" _module_preset=\"default\" global_colors_info=\"{}\"]<\/p><h3>Restoring connections between ecosystems<\/h3><p>The concept of Biocultural Corridors is centred on the interconnection between ecosystems, and the restoration of their original biological and cultural functions as pathways of biological and cultural exchange. Through festivals, campaigns and educational activities, we are raising awareness and celebrating the historical and cultural relationship of communities in the La Plata Basin with the wetland ecosystem. We are uniting communities across Biocultural Corridors to nurture their unique cultural practices and work together to improve the basin\u2019s water quality and its ability to support sustainable livelihoods and healthy living spaces.<\/p><p>Like <a href=\"https:\/\/humedalessinfronteras.org\/en\/agroecology\/\">agroecology<\/a>, Biocultural Corridors enhance resilience of the La Plata Basin\u2019s ecosystems and local communities, making them more resistant to biological, climate, social and economic shocks. Wetlands without Borders is advocating for formal recognition of Biocultural Corridors as a means of preserving and restoring ecosystems, and nourishing the culture of La Plata Basin communities.<\/p><p>Thanks to our efforts, in Paraguay two Biocultural Corridors have been officially recognised by the municipalities. In many other places, the corridors take form by combining public awareness raising, seeking official natural protection and other activities, like in the Riachuelo-Matanza Corridor in Argentina. We\u2019ll continue our work on these and other Biocultural Corridors in the coming years, to make the unique ecosystems of La Plata Basin strong and healthy again.<\/p><p>[\/et_pb_text][et_pb_video src=\"https:\/\/youtu.be\/R7BYGjNHudo?si=BfkZRX65fJzrGoCL\" src_tablet=\"https:\/\/youtu.be\/W6OgxVt887Q?si=jlchI2phGSj7bcvo\" src_phone=\"https:\/\/youtu.be\/W6OgxVt887Q?si=jlchI2phGSj7bcvo\" src_last_edited=\"on|desktop\" _builder_version=\"4.27.2\" _module_preset=\"default\" custom_margin=\"20px||20px||false|false\" global_colors_info=\"{}\" src__hover_enabled=\"on|desktop\" src__hover=\"https:\/\/youtu.be\/W6OgxVt887Q?si=jlchI2phGSj7bcvo\"][\/et_pb_video][et_pb_code module_class=\"share-button\" _builder_version=\"4.27.2\" _module_preset=\"default\" global_colors_info=\"{}\"]<\/p><div class=\"add-to-any\"><!-- [et_pb_line_break_holder] --> <!-- [et_pb_line_break_holder] --> [addtoany]<!-- [et_pb_line_break_holder] --> <!-- [et_pb_line_break_holder] --> <!-- [et_pb_line_break_holder] --> Share this article<!-- [et_pb_line_break_holder] --> <!-- [et_pb_line_break_holder] --><\/div><p>[\/et_pb_code][\/et_pb_column][\/et_pb_row][\/et_pb_section][et_pb_section fb_built=\"1\" module_class=\"related-posts full-width\" _builder_version=\"4.27.2\" _module_preset=\"default\" background_color=\"#75BDD7\" width=\"100%\" max_width=\"100%\" global_colors_info=\"{}\"][et_pb_row _builder_version=\"4.16\" _module_preset=\"default\" global_colors_info=\"{}\"][et_pb_column type=\"4_4\" _builder_version=\"4.16\" _module_preset=\"default\" global_colors_info=\"{}\"][et_pb_text _builder_version=\"4.27.2\" _module_preset=\"default\" global_colors_info=\"{}\"]<\/p><h2>Related stories<\/h2><p>[\/et_pb_text][et_pb_blog posts_number=\"3\" include_categories=\"46\" show_author=\"off\" show_date=\"off\" show_categories=\"off\" show_excerpt=\"off\" show_pagination=\"off\" _builder_version=\"4.27.2\" _module_preset=\"default\" header_level=\"h3\" hover_enabled=\"0\" global_colors_info=\"{}\" sticky_enabled=\"0\"][\/et_pb_blog][\/et_pb_column][\/et_pb_row][\/et_pb_section]<\/p>","_et_gb_content_width":"","inline_featured_image":false,"footnotes":"","_links_to":"","_links_to_target":""},"categories":[4],"tags":[],"class_list":["post-2488","post","type-post","status-publish","format-standard","has-post-thumbnail","hentry","category-themes"],"_links":{"self":[{"href":"https:\/\/humedalessinfronteras.org\/es\/wp-json\/wp\/v2\/posts\/2488"}],"collection":[{"href":"https:\/\/humedalessinfronteras.org\/es\/wp-json\/wp\/v2\/posts"}],"about":[{"href":"https:\/\/humedalessinfronteras.org\/es\/wp-json\/wp\/v2\/types\/post"}],"author":[{"embeddable":true,"href":"https:\/\/humedalessinfronteras.org\/es\/wp-json\/wp\/v2\/users\/1"}],"replies":[{"embeddable":true,"href":"https:\/\/humedalessinfronteras.org\/es\/wp-json\/wp\/v2\/comments?post=2488"}],"version-history":[{"count":9,"href":"https:\/\/humedalessinfronteras.org\/es\/wp-json\/wp\/v2\/posts\/2488\/revisions"}],"predecessor-version":[{"id":2934,"href":"https:\/\/humedalessinfronteras.org\/es\/wp-json\/wp\/v2\/posts\/2488\/revisions\/2934"}],"wp:featuredmedia":[{"embeddable":true,"href":"https:\/\/humedalessinfronteras.org\/es\/wp-json\/wp\/v2\/media\/1246"}],"wp:attachment":[{"href":"https:\/\/humedalessinfronteras.org\/es\/wp-json\/wp\/v2\/media?parent=2488"}],"wp:term":[{"taxonomy":"category","embeddable":true,"href":"https:\/\/humedalessinfronteras.org\/es\/wp-json\/wp\/v2\/categories?post=2488"},{"taxonomy":"post_tag","embeddable":true,"href":"https:\/\/humedalessinfronteras.org\/es\/wp-json\/wp\/v2\/tags?post=2488"}],"curies":[{"name":"wp","href":"https:\/\/api.w.org\/{rel}","templated":true}]}}